{"id":5116,"date":"2025-11-14T14:02:29","date_gmt":"2025-11-14T13:02:29","guid":{"rendered":"https:\/\/restaurants-de-france.fr\/blog\/?p=5116"},"modified":"2025-11-16T17:07:29","modified_gmt":"2025-11-16T16:07:29","slug":"fatigue-hivernale-quand-la-lassitude-cache-un-besoin-de-bilan","status":"publish","type":"post","link":"https:\/\/restaurants-de-france.fr\/blog\/fatigue-hivernale-quand-la-lassitude-cache-un-besoin-de-bilan\/","title":{"rendered":"Fatigue hivernale : quand la lassitude cache un besoin de bilan"},"content":{"rendered":"<p>Alors que l&rsquo;hiver s&rsquo;installe, beaucoup d&rsquo;entre nous attribuent leur baisse d&rsquo;\u00e9nergie aux journ\u00e9es qui raccourcissent, aux emplois du temps charg\u00e9s, ou au froid qui rend difficile de quitter son lit. Pourtant, cette lassitude que l&rsquo;on finit par juger normale peut parfois masquer un probl\u00e8me plus profond qu&rsquo;un simple \u00ab coup de mou \u00bb saisonnier. Le moment d\u00e9cisif, celui o\u00f9 l&rsquo;on se d\u00e9cide \u00e0 faire un point sur sa sant\u00e9, peut transformer la donne. D\u00e9couvrons ensemble les raisons de cette \u00e9nergie qui nous \u00e9chappe\u2026 et comment une simple consultation peut nous aider \u00e0 reprendre le contr\u00f4le.<\/p>\n<h2>Un sc\u00e9nario courant : la fatigue inexpliqu\u00e9e malgr\u00e9 de bonnes habitudes<\/h2>\n<p>Vous veillez \u00e0 votre sommeil, vous marchez r\u00e9guli\u00e8rement, votre alimentation est \u00e9quilibr\u00e9e\u2026 et pourtant, cette <strong>sensation persistante de manque d&rsquo;\u00e9nergie<\/strong> demeure. Chaque matin, se lever devient une \u00e9preuve. L&rsquo;apr\u00e8s-midi, ni le caf\u00e9 ni une courte sieste ne parviennent \u00e0 vous revitaliser. Vous vous surprenez \u00e0 annuler des engagements, \u00e0 \u00e9viter les sorties entre amis, \u00e0 reporter votre s\u00e9ance de sport. En plein mois de novembre, avec l&rsquo;approche des f\u00eates et le froid mordant, g\u00e9rer cette fatigue insaisissable peut donner l&rsquo;impression de mener une double vie.<\/p>\n<h2>Au-del\u00e0 de l&rsquo;\u00e9puisement habituel, des signaux \u00e0 ne pas n\u00e9gliger<\/h2>\n<h3>Pourquoi nous minimisons souvent une fatigue durable<\/h3>\n<p>En France, la fatigue est souvent per\u00e7ue comme une composante in\u00e9vitable de la vie. On l&rsquo;associe rapidement au travail, aux responsabilit\u00e9s familiales ou \u00e0 l&rsquo;\u00e2ge. Qui plus est, personne n&rsquo;a envie de para\u00eetre \u00ab faible \u00bb ou d&rsquo;entendre des remarques comme \u00ab tu devrais te coucher plus t\u00f4t \u00bb ? <strong>C&rsquo;est particuli\u00e8rement vrai apr\u00e8s 60 ans<\/strong>, o\u00f9 admettre sa lassitude peut sembler presque une \u00e9vidence\u2026<\/p>\n<h3>Les indices discrets qui doivent alerter<\/h3>\n<p>N\u00e9anmoins, certains signes m\u00e9ritent une attention particuli\u00e8re. <strong>Une fatigue qui persiste au-del\u00e0 de trois semaines<\/strong>, m\u00eame avec un sommeil suffisant et des pauses r\u00e9guli\u00e8res, constitue d\u00e9j\u00e0 un signal d&rsquo;alarme. D&rsquo;autres indicateurs, plus subtils, peuvent \u00e9galement se manifester :<\/p>\n<ul>\n<li><strong>Difficult\u00e9s de concentration<\/strong>, oublis inhabituels<\/li>\n<li>Un essoufflement inattendu \u00e0 l&rsquo;effort (monter un escalier, par exemple)<\/li>\n<li>Crampes nocturnes ou <a href=\"https:\/\/restaurants-de-france.fr\/blog\/les-etirements-apres-50-ans-mythes-realites-et-conseils-pour-une-meilleure-mobilite\/\">douleurs musculaires<\/a> sans cause apparente<\/li>\n<li>Une p\u00e2leur notable ou une diminution de l&rsquo;app\u00e9tit<\/li>\n<li>Un sommeil agit\u00e9 malgr\u00e9 la sensation de fatigue<\/li>\n<\/ul>\n<p>Si ces diff\u00e9rents signes s&rsquo;accumulent, il est peut-\u00eatre temps d&rsquo;arr\u00eater de tout justifier par \u00ab c&rsquo;est l&rsquo;\u00e2ge \u00bb ou \u00ab c&rsquo;est la saison \u00bb.<\/p>\n<h3>Des r\u00e9percussions parfois sous-estim\u00e9es sur le quotidien et la sant\u00e9<\/h3>\n<p>En ignorant cette fatigue, elle peut s&rsquo;insinuer et devenir insidieuse. <strong>Elle \u00e9rode la confiance en soi<\/strong>, r\u00e9duit la mobilit\u00e9 et finit par peser sur le moral. Manquer une promenade ou un rendez-vous amical devient une habitude, les muscles s&rsquo;affaiblissent, et l&rsquo;isolement peut s&rsquo;installer, d&rsquo;autant plus que les jours raccourcissent \u2013 un v\u00e9ritable cercle vicieux.<\/p>\n<h2>Faire un bilan complet : identifier la source de votre fatigue<\/h2>\n<h3>Les premi\u00e8res \u00e9tapes et les questions essentielles \u00e0 se poser<\/h3>\n<p>La premi\u00e8re d\u00e9marche ne requiert pas forc\u00e9ment un scanner ou une s\u00e9rie de tests. Il s&rsquo;agit avant tout de <strong>s&rsquo;\u00e9couter attentivement sans minimiser<\/strong> : depuis combien de temps ressentez-vous cet \u00e9tat ? Votre r\u00e9cup\u00e9ration \u00e9tait-elle meilleure auparavant ? Avez-vous remarqu\u00e9 d&rsquo;autres changements r\u00e9cents (perte de poids, essoufflement, sommeil perturb\u00e9\u2026) ?<\/p>\n<h3>Le parcours m\u00e9dical : analyses, examens, pistes \u00e0 explorer<\/h3>\n<p>L&rsquo;\u00e9tape suivante consiste \u00e0 prendre rendez-vous avec votre m\u00e9decin g\u00e9n\u00e9raliste. Un \u00e9change honn\u00eate (m\u00eame si la tentation de minimiser les sympt\u00f4mes est forte !) permettra d&rsquo;initier la d\u00e9marche. G\u00e9n\u00e9ralement, le m\u00e9decin prescrira une <strong>prise de sang<\/strong>, et potentiellement des examens plus approfondis en fonction des sympt\u00f4mes d\u00e9crits.<\/p>\n<p>Voici un aper\u00e7u simplifi\u00e9 des pistes explor\u00e9es lors d&rsquo;un bilan :<\/p>\n<table>\n<tr>\n<th><strong>Geste \/ Analyse<\/strong><\/th>\n<th><strong>Dur\u00e9e<\/strong><\/th>\n<th><strong>Objectif<\/strong><\/th>\n<\/tr>\n<tr>\n<td>Prise de sang (fer, vitamines, thyro\u00efde, recherche d&rsquo;infection&#8230;)<\/td>\n<td>15 minutes<\/td>\n<td>D\u00e9tecter une carence ou un d\u00e9s\u00e9quilibre hormonal<\/td>\n<\/tr>\n<tr>\n<td>Questionnaire sur le sommeil (apn\u00e9e, insomnies&#8230;)<\/td>\n<td>Quelques jours (carnet de sommeil)<\/td>\n<td>Identifier d&rsquo;\u00e9ventuels troubles du sommeil<\/td>\n<\/tr>\n<tr>\n<td>\u00c9lectrocardiogramme ou test d&rsquo;effort<\/td>\n<td>30 minutes<\/td>\n<td>\u00c9valuer la sant\u00e9 cardiovasculaire<\/td>\n<\/tr>\n<\/table>\n<h3>Ce que le bilan peut r\u00e9v\u00e9ler (carences, thyro\u00efde, infections, apn\u00e9es&#8230;)<\/h3>\n<p>C&rsquo;est souvent une surprise : la fatigue chronique n&rsquo;est (presque) jamais une fatalit\u00e9 li\u00e9e \u00e0 l&rsquo;\u00e2ge. <strong>Une carence en fer ou en vitamine D, une hypothyro\u00efdie l\u00e9g\u00e8re ou un d\u00e9but d&rsquo;apn\u00e9e du sommeil<\/strong> peuvent \u00eatre \u00e0 l&rsquo;origine de tous ces sympt\u00f4mes. Moins fr\u00e9quemment, une infection persistante ou une cause cardiaque peut \u00eatre identifi\u00e9e. Mieux vaut le savoir \u00e0 temps.<\/p>\n<p>En r\u00e9sum\u00e9 : <strong>Une fatigue persistante qui perdure malgr\u00e9 de bonnes habitudes de vie doit inciter \u00e0 consulter<\/strong>. C&rsquo;est un message que votre corps vous envoie, \u00e0 prendre au s\u00e9rieux et sans culpabilit\u00e9.<\/p>\n<h2>Les conseils pratiques : agir sans culpabiliser et oser demander de l&rsquo;aide<\/h2>\n<h3>\u00c9couter son corps et sortir du d\u00e9ni<\/h3>\n<p>Il n&rsquo;y a aucune honte \u00e0 reconna\u00eetre sa fatigue. <strong>L&rsquo;\u00e9coute de soi est la premi\u00e8re \u00e9tape vers le bien-\u00eatre<\/strong> : accepter de ralentir, s&rsquo;accorder un vrai repos, ou solliciter de l&rsquo;aide sont des gestes simples et fondamentaux. Parfois, \u00ab tenir bon \u00bb n&rsquo;est d&rsquo;aucune aide, bien au contraire.<\/p>\n<h3>Que faire apr\u00e8s le diagnostic : traitements, hygi\u00e8ne de vie, accompagnement<\/h3>\n<p>Parfois, un traitement m\u00e9dicamenteux ou une suppl\u00e9mentation en vitamines suffit. Mais <strong>modifier quelques aspects de ses routines peut \u00e9galement faire une r\u00e9elle diff\u00e9rence<\/strong> :<\/p>\n<ul>\n<li>Fractionner les efforts (privil\u00e9gier des activit\u00e9s courtes mais r\u00e9guli\u00e8res)<\/li>\n<li>Optimiser le sommeil : heures de coucher et de lever r\u00e9guli\u00e8res, environnement propice au repos<\/li>\n<li>Privil\u00e9gier les aliments riches en fer, en vitamine D, en magn\u00e9sium (poissons gras, c\u00e9r\u00e9ales compl\u00e8tes, \u0153ufs, l\u00e9gumes verts)<\/li>\n<li>S&rsquo;entourer (inviter un proche \u00e0 marcher, rejoindre un groupe d&rsquo;activit\u00e9 douce)<\/li>\n<\/ul>\n<h3>Astuces pour retrouver confiance et \u00e9nergie jour apr\u00e8s jour<\/h3>\n<p>Il n&rsquo;est pas n\u00e9cessaire de bouleverser toute sa vie. Il suffit parfois de <strong>quelques gestes simples pour ressentir un v\u00e9ritable mieux-\u00eatre<\/strong>. Par exemple, voici une routine douce, facile \u00e0 int\u00e9grer quotidiennement (environ 10 minutes) :<\/p>\n<ul>\n<li>3 minutes de <a href=\"https:\/\/restaurants-de-france.fr\/blog\/retrouvez-votre-energie-le-pouvoir-insoupconne-de-votre-respiration\/\">respiration profonde<\/a> pour \u00e9veiller le corps<\/li>\n<li>3 minutes d&rsquo;auto-massage des \u00e9paules et de la nuque<\/li>\n<li>4 minutes de <a href=\"https:\/\/restaurants-de-france.fr\/blog\/les-etirements-apres-50-ans-mythes-benefices-et-bonnes-pratiques-pour-une-vie-plus-souple\/\">mobilisation articulaire<\/a> (cercles de chevilles, genoux, poignets, t\u00eate, \u00e9paules)<\/li>\n<\/ul>\n<p>Ce petit rituel stimule la circulation, r\u00e9chauffe les muscles (id\u00e9al le matin en hiver), et aide \u00e0 retrouver confiance progressivement. N&rsquo;h\u00e9sitez pas \u00e0 varier les mouvements et \u00e0 \u00eatre attentif \u00e0 vos sensations !<\/p>\n<p>Prendre sa fatigue au s\u00e9rieux, ce n&rsquo;est pas se plaindre ou abandonner. <strong>C&rsquo;est choisir d&rsquo;avancer<\/strong>, avec bienveillance envers soi-m\u00eame, pour mieux savourer les petits bonheurs de la vie \u2013 un repas en famille, une balade sous un ciel clair ou, tout simplement, une sieste r\u00e9paratrice. L&rsquo;hiver ne sera plus une excuse : il deviendra une saison \u00e0 apprivoiser, avec vitalit\u00e9 et s\u00e9r\u00e9nit\u00e9.<\/p>\n","protected":false},"excerpt":{"rendered":"<p>Alors que l&rsquo;hiver s&rsquo;installe, beaucoup d&rsquo;entre nous attribuent leur baisse d&rsquo;\u00e9nergie aux journ\u00e9es qui raccourcissent, aux emplois du temps charg\u00e9s, ou au froid qui rend difficile de quitter son lit. Pourtant, cette lassitude que l&rsquo;on finit par juger normale peut parfois masquer un probl\u00e8me plus profond qu&rsquo;un simple \u00ab coup de mou \u00bb saisonnier. Le<\/p>\n","protected":false},"author":7,"featured_media":5118,"comment_status":"open","ping_status":"open","sticky":false,"template":"","format":"standard","meta":{"footnotes":""},"categories":[162],"tags":[168,163,139,102],"class_list":["post-5116","post","type-post","status-publish","format-standard","has-post-thumbnail","hentry","category-sport","tag-exercice","tag-forme","tag-push-2","tag-sante"],"_links":{"self":[{"href":"https:\/\/restaurants-de-france.fr\/blog\/wp-json\/wp\/v2\/posts\/5116","targetHints":{"allow":["GET"]}}],"collection":[{"href":"https:\/\/restaurants-de-france.fr\/blog\/wp-json\/wp\/v2\/posts"}],"about":[{"href":"https:\/\/restaurants-de-france.fr\/blog\/wp-json\/wp\/v2\/types\/post"}],"author":[{"embeddable":true,"href":"https:\/\/restaurants-de-france.fr\/blog\/wp-json\/wp\/v2\/users\/7"}],"replies":[{"embeddable":true,"href":"https:\/\/restaurants-de-france.fr\/blog\/wp-json\/wp\/v2\/comments?post=5116"}],"version-history":[{"count":4,"href":"https:\/\/restaurants-de-france.fr\/blog\/wp-json\/wp\/v2\/posts\/5116\/revisions"}],"predecessor-version":[{"id":7099,"href":"https:\/\/restaurants-de-france.fr\/blog\/wp-json\/wp\/v2\/posts\/5116\/revisions\/7099"}],"wp:featuredmedia":[{"embeddable":true,"href":"https:\/\/restaurants-de-france.fr\/blog\/wp-json\/wp\/v2\/media\/5118"}],"wp:attachment":[{"href":"https:\/\/restaurants-de-france.fr\/blog\/wp-json\/wp\/v2\/media?parent=5116"}],"wp:term":[{"taxonomy":"category","embeddable":true,"href":"https:\/\/restaurants-de-france.fr\/blog\/wp-json\/wp\/v2\/categories?post=5116"},{"taxonomy":"post_tag","embeddable":true,"href":"https:\/\/restaurants-de-france.fr\/blog\/wp-json\/wp\/v2\/tags?post=5116"}],"curies":[{"name":"wp","href":"https:\/\/api.w.org\/{rel}","templated":true}]}}